{"id":7971,"date":"2025-04-11T07:33:14","date_gmt":"2025-04-11T07:33:14","guid":{"rendered":"https:\/\/www.coelbo.it\/?p=7971"},"modified":"2025-04-14T06:02:50","modified_gmt":"2025-04-14T06:02:50","slug":"chiusura-festivita-di-pasqua-e-feste-nazionali-2025","status":"publish","type":"post","link":"https:\/\/www.coelbo.it\/it\/chiusura-festivita-di-pasqua-e-feste-nazionali-2025\/","title":{"rendered":"Chiusura festivit\u00e0 di Pasqua e feste nazionali 2025"},"content":{"rendered":"<p><div class=\"fusion-fullwidth fullwidth-box fusion-builder-row-1 fusion-flex-container nonhundred-percent-fullwidth non-hundred-percent-height-scrolling\" style=\"--awb-border-radius-top-left:0px;--awb-border-radius-top-right:0px;--awb-border-radius-bottom-right:0px;--awb-border-radius-bottom-left:0px;--awb-flex-wrap:wrap;\" ><div class=\"fusion-builder-row fusion-row fusion-flex-align-items-flex-start fusion-flex-content-wrap\" style=\"max-width:1300px;margin-left: calc(-4% \/ 2 );margin-right: calc(-4% \/ 2 );\"><div class=\"fusion-layout-column fusion_builder_column fusion-builder-column-0 fusion_builder_column_1_1 1_1 fusion-flex-column\" style=\"--awb-bg-size:cover;--awb-width-large:100%;--awb-margin-top-large:0px;--awb-spacing-right-large:1.92%;--awb-margin-bottom-large:0px;--awb-spacing-left-large:1.92%;--awb-width-medium:100%;--awb-spacing-right-medium:1.92%;--awb-spacing-left-medium:1.92%;--awb-width-small:100%;--awb-spacing-right-small:1.92%;--awb-spacing-left-small:1.92%;\"><div class=\"fusion-column-wrapper fusion-flex-justify-content-flex-start fusion-content-layout-column\"><div class=\"fusion-title title fusion-title-1 fusion-sep-none fusion-title-text fusion-title-size-one\" style=\"--awb-margin-top:0px;--awb-margin-bottom:10px;\"><h1 class=\"fusion-title-heading title-heading-left fusion-responsive-typography-calculated\" style=\"font-family:&quot;Montserrat&quot;;font-style:normal;font-weight:700;margin:0;--fontSize:40;line-height:1.2;\">Chiusura festivit\u00e0 di Pasqua e feste nazionali<\/h1><\/div><div class=\"fusion-separator fusion-full-width-sep\" style=\"align-self: center;margin-left: auto;margin-right: auto;margin-top:40px;width:100%;\"><\/div><div class=\"fusion-title title fusion-title-2 fusion-sep-none fusion-title-text fusion-title-size-two\" style=\"--awb-margin-top:0px;--awb-margin-bottom:30px;--awb-font-size:22px;\"><h2 class=\"fusion-title-heading title-heading-left fusion-responsive-typography-calculated\" style=\"font-family:&quot;Montserrat&quot;;font-style:normal;font-weight:600;margin:0;font-size:1em;--fontSize:22;--minFontSize:22;line-height:1.3;\">Coelbo S.r.l. informa tutti i propri gentili clienti e fornitori che saremo chiusi luned\u00ec 21 aprile per le festivit\u00e0 di Pasqua.<\/p>\n<p>Saremo chiusi anche venerd\u00ec 25 aprile per la festa della Liberazione e gioved\u00ec primo maggio e venerd\u00ec 2 maggio per la Festa dei lavoratori.<\/h2><\/div><\/div><\/div><\/div><\/div><div class=\"fusion-fullwidth fullwidth-box fusion-builder-row-2 fusion-flex-container nonhundred-percent-fullwidth non-hundred-percent-height-scrolling\" style=\"--awb-border-radius-top-left:0px;--awb-border-radius-top-right:0px;--awb-border-radius-bottom-right:0px;--awb-border-radius-bottom-left:0px;--awb-padding-top:60px;--awb-flex-wrap:wrap;\" ><div class=\"fusion-builder-row fusion-row fusion-flex-align-items-flex-start fusion-flex-content-wrap\" style=\"max-width:1300px;margin-left: calc(-4% \/ 2 );margin-right: calc(-4% \/ 2 );\"><div class=\"fusion-layout-column fusion_builder_column fusion-builder-column-1 fusion_builder_column_1_3 1_3 fusion-flex-column\" style=\"--awb-bg-size:cover;--awb-width-large:33.333333333333%;--awb-margin-top-large:0px;--awb-spacing-right-large:5.76%;--awb-margin-bottom-large:0px;--awb-spacing-left-large:5.76%;--awb-width-medium:100%;--awb-order-medium:0;--awb-spacing-right-medium:1.92%;--awb-spacing-left-medium:1.92%;--awb-width-small:100%;--awb-order-small:0;--awb-spacing-right-small:1.92%;--awb-spacing-left-small:1.92%;\"><div class=\"fusion-column-wrapper fusion-column-has-shadow fusion-flex-justify-content-flex-start fusion-content-layout-column\"><div class=\"fusion-image-element \" style=\"--awb-max-width:250px;--awb-caption-title-font-family:var(--h2_typography-font-family);--awb-caption-title-font-weight:var(--h2_typography-font-weight);--awb-caption-title-font-style:var(--h2_typography-font-style);--awb-caption-title-size:var(--h2_typography-font-size);--awb-caption-title-transform:var(--h2_typography-text-transform);--awb-caption-title-line-height:var(--h2_typography-line-height);--awb-caption-title-letter-spacing:var(--h2_typography-letter-spacing);\"><span class=\" fusion-imageframe imageframe-none imageframe-1 hover-type-none\"><img decoding=\"async\" width=\"920\" height=\"720\" title=\"coelbo\" src=\"https:\/\/www.coelbo.it\/wp-content\/uploads\/2021\/01\/coelbo.png\" data-orig-src=\"https:\/\/www.coelbo.it\/wp-content\/uploads\/2021\/01\/coelbo.png\" alt class=\"lazyload img-responsive wp-image-4730\" srcset=\"data:image\/svg+xml,%3Csvg%20xmlns%3D%27http%3A%2F%2Fwww.w3.org%2F2000%2Fsvg%27%20width%3D%27920%27%20height%3D%27720%27%20viewBox%3D%270%200%20920%20720%27%3E%3Crect%20width%3D%27920%27%20height%3D%27720%27%20fill-opacity%3D%220%22%2F%3E%3C%2Fsvg%3E\" data-srcset=\"https:\/\/www.coelbo.it\/wp-content\/uploads\/2021\/01\/coelbo-200x157.png 200w, https:\/\/www.coelbo.it\/wp-content\/uploads\/2021\/01\/coelbo-400x313.png 400w, https:\/\/www.coelbo.it\/wp-content\/uploads\/2021\/01\/coelbo-600x470.png 600w, https:\/\/www.coelbo.it\/wp-content\/uploads\/2021\/01\/coelbo-800x626.png 800w, https:\/\/www.coelbo.it\/wp-content\/uploads\/2021\/01\/coelbo.png 920w\" data-sizes=\"auto\" data-orig-sizes=\"(max-width: 1480px) 100vw, (max-width: 780px) 100vw, 400px\" \/><\/span><\/div><\/div><\/div><div class=\"fusion-layout-column fusion_builder_column fusion-builder-column-2 fusion_builder_column_2_3 2_3 fusion-flex-column\" style=\"--awb-bg-size:cover;--awb-width-large:66.666666666667%;--awb-margin-top-large:0px;--awb-spacing-right-large:2.88%;--awb-margin-bottom-large:0px;--awb-spacing-left-large:2.88%;--awb-width-medium:100%;--awb-order-medium:0;--awb-spacing-right-medium:1.92%;--awb-spacing-left-medium:1.92%;--awb-width-small:100%;--awb-order-small:0;--awb-spacing-right-small:1.92%;--awb-spacing-left-small:1.92%;\"><div class=\"fusion-column-wrapper fusion-column-has-shadow fusion-flex-justify-content-flex-start fusion-content-layout-column\"><div class=\"fusion-title title fusion-title-3 fusion-sep-none fusion-title-text fusion-title-size-three\" style=\"--awb-margin-top:0px;--awb-margin-bottom:20px;--awb-margin-top-small:0px;--awb-margin-top-medium:0px;--awb-margin-bottom-medium:20px;\"><h3 class=\"fusion-title-heading title-heading-left fusion-responsive-typography-calculated\" style=\"margin:0;--fontSize:23;--minFontSize:23;line-height:1.2;\">Apparecchiature elettriche antideflagranti | COELBO s.r.l.<\/h3><\/div><div class=\"fusion-text fusion-text-1\"><p>COELBO S.r.l. nasce nel 1971 con l&#8217;obiettivo di proporre nuovi <strong>prodotti per atmosfere potenzialmente esplosive<\/strong>, in particolare Apparecchiature Elettriche Antideflagranti secondo gli attuali standard nazionali ed internazionali in questo ambito. [&#8230;]<\/p>\n<\/div><div style=\"text-align:left;\"><a class=\"fusion-button button-flat button-medium button-default fusion-button-default button-1 fusion-button-default-span fusion-button-default-type\" target=\"_self\" href=\"https:\/\/www.coelbo.it\/it\/riguardo-a-noi\/\"><span class=\"fusion-button-text awb-button__text awb-button__text--default\">Leggi di pi\u00f9<\/span><\/a><\/div><\/div><\/div><\/div><\/div><\/p>\n","protected":false},"excerpt":{"rendered":"","protected":false},"author":2,"featured_media":6613,"comment_status":"closed","ping_status":"open","sticky":false,"template":"","format":"standard","meta":{"footnotes":""},"categories":[61],"tags":[74,22,23],"class_list":["post-7971","post","type-post","status-publish","format-standard","has-post-thumbnail","hentry","category-coelbo","tag-apparecchiature-elettriche-antideflagranti-4","tag-coelbo","tag-explosion-proof-electrical-equipment"],"yoast_head":"<!-- This site is optimized with the Yoast SEO plugin v25.3.1 - https:\/\/yoast.com\/wordpress\/plugins\/seo\/ -->\n<title>Chiusura festivit\u00e0 di Pasqua e feste nazionali 2025 | COELBO s.r.l. - Brugherio, Italy<\/title>\n<meta name=\"description\" content=\"Coelbo S.r.l. informa tutti i propri gentili clienti e fornitori che saremo chiusi luned\u00ec 21 aprile per le festivit\u00e0 di Pasqua. Saremo chiusi anche venerd\u00ec 25 aprile per la festa della Liberazione e gioved\u00ec primo maggio per la Festa dei lavoratori. Apparecchiature elettriche antideflagranti | COELBO s.r.l.\" \/>\n<meta name=\"robots\" content=\"index, follow, max-snippet:-1, max-image-preview:large, max-video-preview:-1\" \/>\n<link rel=\"canonical\" href=\"https:\/\/www.coelbo.it\/it\/chiusura-festivita-di-pasqua-e-feste-nazionali-2025\/\" \/>\n<meta property=\"og:locale\" content=\"it_IT\" \/>\n<meta property=\"og:type\" content=\"article\" \/>\n<meta property=\"og:title\" content=\"Chiusura festivit\u00e0 di Pasqua e feste nazionali 2025 | COELBO s.r.l. - Brugherio, Italy\" \/>\n<meta property=\"og:description\" content=\"Coelbo S.r.l. informa tutti i propri gentili clienti e fornitori che saremo chiusi luned\u00ec 21 aprile per le festivit\u00e0 di Pasqua. Saremo chiusi anche venerd\u00ec 25 aprile per la festa della Liberazione e gioved\u00ec primo maggio per la Festa dei lavoratori. Apparecchiature elettriche antideflagranti | COELBO s.r.l.\" \/>\n<meta property=\"og:url\" content=\"https:\/\/www.coelbo.it\/it\/chiusura-festivita-di-pasqua-e-feste-nazionali-2025\/\" \/>\n<meta property=\"og:site_name\" content=\"COELBO S.r.l.\" \/>\n<meta property=\"article:published_time\" content=\"2025-04-11T07:33:14+00:00\" \/>\n<meta property=\"article:modified_time\" content=\"2025-04-14T06:02:50+00:00\" \/>\n<meta property=\"og:image\" content=\"https:\/\/www.coelbo.it\/wp-content\/uploads\/2021\/06\/Chiusura-aziendale.png\" \/>\n\t<meta property=\"og:image:width\" content=\"1022\" \/>\n\t<meta property=\"og:image:height\" content=\"643\" \/>\n\t<meta property=\"og:image:type\" content=\"image\/png\" \/>\n<meta name=\"author\" content=\"COELBO\" \/>\n<meta name=\"twitter:card\" content=\"summary_large_image\" \/>\n<meta name=\"twitter:label1\" content=\"Scritto da\" \/>\n\t<meta name=\"twitter:data1\" content=\"COELBO\" \/>\n\t<meta name=\"twitter:label2\" content=\"Tempo di lettura stimato\" \/>\n\t<meta name=\"twitter:data2\" content=\"1 minuto\" \/>\n<script type=\"application\/ld+json\" class=\"yoast-schema-graph\">{\"@context\":\"https:\/\/schema.org\",\"@graph\":[{\"@type\":\"WebPage\",\"@id\":\"https:\/\/www.coelbo.it\/it\/chiusura-festivita-di-pasqua-e-feste-nazionali-2025\/\",\"url\":\"https:\/\/www.coelbo.it\/it\/chiusura-festivita-di-pasqua-e-feste-nazionali-2025\/\",\"name\":\"Chiusura festivit\u00e0 di Pasqua e feste nazionali 2025 | COELBO s.r.l. - Brugherio, Italy\",\"isPartOf\":{\"@id\":\"https:\/\/www.coelbo.it\/it\/#website\"},\"primaryImageOfPage\":{\"@id\":\"https:\/\/www.coelbo.it\/it\/chiusura-festivita-di-pasqua-e-feste-nazionali-2025\/#primaryimage\"},\"image\":{\"@id\":\"https:\/\/www.coelbo.it\/it\/chiusura-festivita-di-pasqua-e-feste-nazionali-2025\/#primaryimage\"},\"thumbnailUrl\":\"https:\/\/www.coelbo.it\/wp-content\/uploads\/2021\/06\/Chiusura-aziendale.png\",\"datePublished\":\"2025-04-11T07:33:14+00:00\",\"dateModified\":\"2025-04-14T06:02:50+00:00\",\"author\":{\"@id\":\"https:\/\/www.coelbo.it\/it\/#\/schema\/person\/bd5956bb854a14264e5474f8a4d94015\"},\"description\":\"Coelbo S.r.l. informa tutti i propri gentili clienti e fornitori che saremo chiusi luned\u00ec 21 aprile per le festivit\u00e0 di Pasqua. Saremo chiusi anche venerd\u00ec 25 aprile per la festa della Liberazione e gioved\u00ec primo maggio per la Festa dei lavoratori. Apparecchiature elettriche antideflagranti | COELBO s.r.l.\",\"breadcrumb\":{\"@id\":\"https:\/\/www.coelbo.it\/it\/chiusura-festivita-di-pasqua-e-feste-nazionali-2025\/#breadcrumb\"},\"inLanguage\":\"it-IT\",\"potentialAction\":[{\"@type\":\"ReadAction\",\"target\":[\"https:\/\/www.coelbo.it\/it\/chiusura-festivita-di-pasqua-e-feste-nazionali-2025\/\"]}]},{\"@type\":\"ImageObject\",\"inLanguage\":\"it-IT\",\"@id\":\"https:\/\/www.coelbo.it\/it\/chiusura-festivita-di-pasqua-e-feste-nazionali-2025\/#primaryimage\",\"url\":\"https:\/\/www.coelbo.it\/wp-content\/uploads\/2021\/06\/Chiusura-aziendale.png\",\"contentUrl\":\"https:\/\/www.coelbo.it\/wp-content\/uploads\/2021\/06\/Chiusura-aziendale.png\",\"width\":1022,\"height\":643,\"caption\":\"Chiusura-aziendale\"},{\"@type\":\"BreadcrumbList\",\"@id\":\"https:\/\/www.coelbo.it\/it\/chiusura-festivita-di-pasqua-e-feste-nazionali-2025\/#breadcrumb\",\"itemListElement\":[{\"@type\":\"ListItem\",\"position\":1,\"name\":\"Home\",\"item\":\"https:\/\/www.coelbo.it\/it\/\"},{\"@type\":\"ListItem\",\"position\":2,\"name\":\"Chiusura festivit\u00e0 di Pasqua e feste nazionali 2025\"}]},{\"@type\":\"WebSite\",\"@id\":\"https:\/\/www.coelbo.it\/it\/#website\",\"url\":\"https:\/\/www.coelbo.it\/it\/\",\"name\":\"COELBO S.r.l.\",\"description\":\"Explosion Proof Electrical Equipment\",\"potentialAction\":[{\"@type\":\"SearchAction\",\"target\":{\"@type\":\"EntryPoint\",\"urlTemplate\":\"https:\/\/www.coelbo.it\/it\/?s={search_term_string}\"},\"query-input\":{\"@type\":\"PropertyValueSpecification\",\"valueRequired\":true,\"valueName\":\"search_term_string\"}}],\"inLanguage\":\"it-IT\"},{\"@type\":\"Person\",\"@id\":\"https:\/\/www.coelbo.it\/it\/#\/schema\/person\/bd5956bb854a14264e5474f8a4d94015\",\"name\":\"COELBO\",\"image\":{\"@type\":\"ImageObject\",\"inLanguage\":\"it-IT\",\"@id\":\"https:\/\/www.coelbo.it\/it\/#\/schema\/person\/image\/\",\"url\":\"https:\/\/secure.gravatar.com\/avatar\/0b431a62fa4780628797591c5ebc0f4e8988b933f7914948b3842354433f89e4?s=96&d=mm&r=g\",\"contentUrl\":\"https:\/\/secure.gravatar.com\/avatar\/0b431a62fa4780628797591c5ebc0f4e8988b933f7914948b3842354433f89e4?s=96&d=mm&r=g\",\"caption\":\"COELBO\"},\"sameAs\":[\"https:\/\/www.coelbo.it\"],\"url\":\"https:\/\/www.coelbo.it\/it\/author\/coelbo\/\"}]}<\/script>\n<!-- \/ Yoast SEO plugin. -->","yoast_head_json":{"title":"Chiusura festivit\u00e0 di Pasqua e feste nazionali 2025 | COELBO s.r.l. - Brugherio, Italy","description":"Coelbo S.r.l. informa tutti i propri gentili clienti e fornitori che saremo chiusi luned\u00ec 21 aprile per le festivit\u00e0 di Pasqua. Saremo chiusi anche venerd\u00ec 25 aprile per la festa della Liberazione e gioved\u00ec primo maggio per la Festa dei lavoratori. Apparecchiature elettriche antideflagranti | COELBO s.r.l.","robots":{"index":"index","follow":"follow","max-snippet":"max-snippet:-1","max-image-preview":"max-image-preview:large","max-video-preview":"max-video-preview:-1"},"canonical":"https:\/\/www.coelbo.it\/it\/chiusura-festivita-di-pasqua-e-feste-nazionali-2025\/","og_locale":"it_IT","og_type":"article","og_title":"Chiusura festivit\u00e0 di Pasqua e feste nazionali 2025 | COELBO s.r.l. - Brugherio, Italy","og_description":"Coelbo S.r.l. informa tutti i propri gentili clienti e fornitori che saremo chiusi luned\u00ec 21 aprile per le festivit\u00e0 di Pasqua. Saremo chiusi anche venerd\u00ec 25 aprile per la festa della Liberazione e gioved\u00ec primo maggio per la Festa dei lavoratori. Apparecchiature elettriche antideflagranti | COELBO s.r.l.","og_url":"https:\/\/www.coelbo.it\/it\/chiusura-festivita-di-pasqua-e-feste-nazionali-2025\/","og_site_name":"COELBO S.r.l.","article_published_time":"2025-04-11T07:33:14+00:00","article_modified_time":"2025-04-14T06:02:50+00:00","og_image":[{"width":1022,"height":643,"url":"https:\/\/www.coelbo.it\/wp-content\/uploads\/2021\/06\/Chiusura-aziendale.png","type":"image\/png"}],"author":"COELBO","twitter_card":"summary_large_image","twitter_misc":{"Scritto da":"COELBO","Tempo di lettura stimato":"1 minuto"},"schema":{"@context":"https:\/\/schema.org","@graph":[{"@type":"WebPage","@id":"https:\/\/www.coelbo.it\/it\/chiusura-festivita-di-pasqua-e-feste-nazionali-2025\/","url":"https:\/\/www.coelbo.it\/it\/chiusura-festivita-di-pasqua-e-feste-nazionali-2025\/","name":"Chiusura festivit\u00e0 di Pasqua e feste nazionali 2025 | COELBO s.r.l. - Brugherio, Italy","isPartOf":{"@id":"https:\/\/www.coelbo.it\/it\/#website"},"primaryImageOfPage":{"@id":"https:\/\/www.coelbo.it\/it\/chiusura-festivita-di-pasqua-e-feste-nazionali-2025\/#primaryimage"},"image":{"@id":"https:\/\/www.coelbo.it\/it\/chiusura-festivita-di-pasqua-e-feste-nazionali-2025\/#primaryimage"},"thumbnailUrl":"https:\/\/www.coelbo.it\/wp-content\/uploads\/2021\/06\/Chiusura-aziendale.png","datePublished":"2025-04-11T07:33:14+00:00","dateModified":"2025-04-14T06:02:50+00:00","author":{"@id":"https:\/\/www.coelbo.it\/it\/#\/schema\/person\/bd5956bb854a14264e5474f8a4d94015"},"description":"Coelbo S.r.l. informa tutti i propri gentili clienti e fornitori che saremo chiusi luned\u00ec 21 aprile per le festivit\u00e0 di Pasqua. Saremo chiusi anche venerd\u00ec 25 aprile per la festa della Liberazione e gioved\u00ec primo maggio per la Festa dei lavoratori. Apparecchiature elettriche antideflagranti | COELBO s.r.l.","breadcrumb":{"@id":"https:\/\/www.coelbo.it\/it\/chiusura-festivita-di-pasqua-e-feste-nazionali-2025\/#breadcrumb"},"inLanguage":"it-IT","potentialAction":[{"@type":"ReadAction","target":["https:\/\/www.coelbo.it\/it\/chiusura-festivita-di-pasqua-e-feste-nazionali-2025\/"]}]},{"@type":"ImageObject","inLanguage":"it-IT","@id":"https:\/\/www.coelbo.it\/it\/chiusura-festivita-di-pasqua-e-feste-nazionali-2025\/#primaryimage","url":"https:\/\/www.coelbo.it\/wp-content\/uploads\/2021\/06\/Chiusura-aziendale.png","contentUrl":"https:\/\/www.coelbo.it\/wp-content\/uploads\/2021\/06\/Chiusura-aziendale.png","width":1022,"height":643,"caption":"Chiusura-aziendale"},{"@type":"BreadcrumbList","@id":"https:\/\/www.coelbo.it\/it\/chiusura-festivita-di-pasqua-e-feste-nazionali-2025\/#breadcrumb","itemListElement":[{"@type":"ListItem","position":1,"name":"Home","item":"https:\/\/www.coelbo.it\/it\/"},{"@type":"ListItem","position":2,"name":"Chiusura festivit\u00e0 di Pasqua e feste nazionali 2025"}]},{"@type":"WebSite","@id":"https:\/\/www.coelbo.it\/it\/#website","url":"https:\/\/www.coelbo.it\/it\/","name":"COELBO S.r.l.","description":"Explosion Proof Electrical Equipment","potentialAction":[{"@type":"SearchAction","target":{"@type":"EntryPoint","urlTemplate":"https:\/\/www.coelbo.it\/it\/?s={search_term_string}"},"query-input":{"@type":"PropertyValueSpecification","valueRequired":true,"valueName":"search_term_string"}}],"inLanguage":"it-IT"},{"@type":"Person","@id":"https:\/\/www.coelbo.it\/it\/#\/schema\/person\/bd5956bb854a14264e5474f8a4d94015","name":"COELBO","image":{"@type":"ImageObject","inLanguage":"it-IT","@id":"https:\/\/www.coelbo.it\/it\/#\/schema\/person\/image\/","url":"https:\/\/secure.gravatar.com\/avatar\/0b431a62fa4780628797591c5ebc0f4e8988b933f7914948b3842354433f89e4?s=96&d=mm&r=g","contentUrl":"https:\/\/secure.gravatar.com\/avatar\/0b431a62fa4780628797591c5ebc0f4e8988b933f7914948b3842354433f89e4?s=96&d=mm&r=g","caption":"COELBO"},"sameAs":["https:\/\/www.coelbo.it"],"url":"https:\/\/www.coelbo.it\/it\/author\/coelbo\/"}]}},"_links":{"self":[{"href":"https:\/\/www.coelbo.it\/it\/wp-json\/wp\/v2\/posts\/7971","targetHints":{"allow":["GET"]}}],"collection":[{"href":"https:\/\/www.coelbo.it\/it\/wp-json\/wp\/v2\/posts"}],"about":[{"href":"https:\/\/www.coelbo.it\/it\/wp-json\/wp\/v2\/types\/post"}],"author":[{"embeddable":true,"href":"https:\/\/www.coelbo.it\/it\/wp-json\/wp\/v2\/users\/2"}],"replies":[{"embeddable":true,"href":"https:\/\/www.coelbo.it\/it\/wp-json\/wp\/v2\/comments?post=7971"}],"version-history":[{"count":8,"href":"https:\/\/www.coelbo.it\/it\/wp-json\/wp\/v2\/posts\/7971\/revisions"}],"predecessor-version":[{"id":7982,"href":"https:\/\/www.coelbo.it\/it\/wp-json\/wp\/v2\/posts\/7971\/revisions\/7982"}],"wp:featuredmedia":[{"embeddable":true,"href":"https:\/\/www.coelbo.it\/it\/wp-json\/wp\/v2\/media\/6613"}],"wp:attachment":[{"href":"https:\/\/www.coelbo.it\/it\/wp-json\/wp\/v2\/media?parent=7971"}],"wp:term":[{"taxonomy":"category","embeddable":true,"href":"https:\/\/www.coelbo.it\/it\/wp-json\/wp\/v2\/categories?post=7971"},{"taxonomy":"post_tag","embeddable":true,"href":"https:\/\/www.coelbo.it\/it\/wp-json\/wp\/v2\/tags?post=7971"}],"curies":[{"name":"wp","href":"https:\/\/api.w.org\/{rel}","templated":true}]}}